{"id":620,"date":"2020-01-05T12:02:44","date_gmt":"2020-01-05T11:02:44","guid":{"rendered":"https:\/\/viborc.com\/?p=620"},"modified":"2022-10-16T12:37:05","modified_gmt":"2022-10-16T10:37:05","slug":"odaziv-biraca-na-predsjednickim-izborima-2020","status":"publish","type":"post","link":"https:\/\/viborc.com\/hr\/odaziv-biraca-na-predsjednickim-izborima-2020\/","title":{"rendered":"Odaziv bira\u010da na predsjedni\u010dkim izborima 2020. (16:30)"},"content":{"rendered":"<p>Hrvatska \u0107e danas, sedmi put od svoje neovisnosti, izabrati predsjednicu ili predsjednika. Nakon \u0161to je u prvom krugu <a href=\"https:\/\/viborc.com\/hr\/uzivo-rezultati-izbora-za-predsjednika-republike-hrvatske-2019\/\">relativnu pobjedu odnio Zoran Milanovi\u0107<\/a>, a s njim u drugi krug u\u0161la i aktualna predsjednica Kolinda Grabar-Kitarovi\u0107,<a href=\"https:\/\/viborc.com\/hr\/rezultati-svih-anketa-predsjednicki-izbori-hrvatska-2019\/\"> ispitivanja javnog mijenja<\/a> su po\u010dela ukazivati na izuzetno tijesnu utrku.<\/p>\n<p>Iako do neke mjere smanjenih politi\u010dkih ovlasti, uloga i va\u017enost predsjednika u hrvatskom dru\u0161tvu je i dalje zna\u010dajna. Tim vi\u0161e \u0161to je to najvi\u0161i predstavnik vlasti kojeg gra\u0111ani biraju na izborima &#8211; izravno i neposredno.<\/p>\n<h2>Izlaznost u 16:30<\/h2>\n<h3>Drugi krug<\/h3>\n<p>Prema najnovijim podacima DIP-a, <strong>zaklju\u010dno s 16:30, glasovalo je ukupno 43.52% bira\u010da<\/strong> &#8211; \u0161to je, u usporedbi s pro\u0161lim izborima 2014. lo\u0161ija izlaznost. Tada je do 16:30 svoje pravo u drugom krugu iskoristilo 48.23% bira\u010da.<\/p>\n<p>Najve\u0107i je odziv do 16:30 danas zabilje\u017een u Karlova\u010dkoj \u017eupaniji s 48.93% bira\u010da, dok je najlo\u0161iji odziv do 16:30 zabilje\u017een u Vukovarsko-srijemskoj s 36.92%.<\/p>\n<p>Ponovno, uspore\u0111uju\u0107i s odzivom iz 2014., do 16:30 je u prvom krugu najlo\u0161iji odziv bio u Osje\u010dko-baranjskoj \u017eupaniji kada je glasovalo svega 33.03%, dok je najve\u0107i odziv tada imala Karlova\u010dka \u017eupanija sa 40.57% bira\u010da &#8211; koja je 2014. bila i vode\u0107a po odzivu u 11:30.<\/p>\n<p>Stvari su bile pone\u0161to druga\u010dije u drugom krugu izbora &#8211; Zadarska \u017eupanija je imala najni\u017ei odziv od 43.97%, dok je Karlova\u010dka \u017eupanija obranila svoju titulu iz prvog kruga pa je i u drugom krugu imala najvi\u0161u izlaznost od 53.19% bira\u010da koji su iskoristili svoje pravo.<\/p>\n<div class='code-block code-block-5' style='margin: 8px auto; text-align: center; display: block; clear: both;'>\n<!-- Viborc - 300x250 Dynamic (62e91d4ae384d04b3c48e0f5) - 300x250, 300x600, 160x600 - Place in <BODY> of page where ad should appear --> \n<div class=\"vm-placement\" data-id=\"62e91d4ae384d04b3c48e0f5\"><\/div> \n<!-- \/ Viborc - 300x250 Dynamic (62e91d4ae384d04b3c48e0f5) --> <\/div>\n\n<h3>Prvi krug<\/h3>\n<p>Podatke o izlaznosti u prvom krugu predsjedni\u010dkih izbora 2019. <a href=\"https:\/\/viborc.com\/hr\/odziv-biraca-na-predsjednickim-izborima-2019\/\">mo\u017eete pogledati na ovoj poveznici<\/a>.<\/p>\n<h2>Izlaznost u 11:30<\/h2>\n<h3>Drugi krug<\/h3>\n<p>Prema podacima Dr\u017eavnog izbornog povjerenstva u drugom je krugu do 11:30 glasovalo je ukupno 18.87% bira\u010da &#8211; \u0161to je, u usporedbi s drugim krugom na pro\u0161lim izborima 2014. lo\u0161ija izlaznost. Tada je do 11:30 svoje pravo (u prvom krugu) iskoristilo 21.92% gra\u0111ana. Podjse\u0107amo, u prvom krugu ovih izbora, izlaznost do 11:30 je bila 15.75%.<\/p>\n<p>Najve\u0107i je odziv u drugom krugu do 11:30 zabilje\u017een u Vara\u017edinskoj \u017eupaniji s 21.97% bira\u010da, dok je najlo\u0161iji odziv do 11:30 zabilje\u017een u Po\u017ee\u0161ko-slavonskoj \u017eupaniji s 13.82%.<\/p>\n<p>Ponovno, u usporedbi s drugim krugom 2014., do 11:30 je Po\u017ee\u0161ko-slavonska \u017eupanija imala najni\u017ei odziv od 17.05% dok je Karlova\u010dka \u017eupanija obranila svoju titulu iz prvog kruga pa je i u drugom krugu imala najvi\u0161u izlaznost od 27.42% bira\u010da koji su iskoristili svoje pravo.<\/p>\n<div class='code-block code-block-5' style='margin: 8px auto; text-align: center; display: block; clear: both;'>\n<!-- Viborc - 300x250 Dynamic (62e91d4ae384d04b3c48e0f5) - 300x250, 300x600, 160x600 - Place in <BODY> of page where ad should appear --> \n<div class=\"vm-placement\" data-id=\"62e91d4ae384d04b3c48e0f5\"><\/div> \n<!-- \/ Viborc - 300x250 Dynamic (62e91d4ae384d04b3c48e0f5) --> <\/div>\n\n<h3>Prvi krug<\/h3>\n<p>Podatke o izlaznosti u prvom krugu predsjedni\u010dkih izbora 2019. <a href=\"https:\/\/viborc.com\/hr\/odziv-biraca-na-predsjednickim-izborima-2019\/\">mo\u017eete pogledati na ovoj poveznici<\/a>.<\/p>\n<h2>Bira\u010dka mjesta i promatra\u010di<\/h2>\n<p>Vrijeme je, za razliku od prvog kruga, vedro, iako prohladno, u ve\u0107ini dijelova na\u0161e domovine.<\/p>\n<p>Sli\u010dno kao i u prvom krugu izbora, otvoreno je 6533 bira\u010dka mjesta od kojih je njih 6409 u Hrvatskoj, a ostatak u jednoj od 47 zemalja \u0161irom svijeta.<\/p>\n<p>Zahvaljuju\u0107i vremenskoj razlici, glasovanje u drugom krugu predsjedni\u010dkih izbora je ve\u0107 zapo\u010delo u Australiji, Kini, Indoneziji&#8230; Ta \u0107e se bira\u010dka mjesta po\u010deti zatvarati ve\u0107 u 13 sati po hrvatskom vremenu.<\/p>\n<p>Najvi\u0161e bira\u010dkih mjesta, njih 629, otvoreno je u Zagreba\u010dkoj \u017eupaniji dok je najmanji broj bira\u010dkih mjesta otvoren u Li\u010dko-senjskoj \u017eupaniji, njih 115. Glasovanje je omogu\u0107eno i u 3 mirovne misije u kojima sudjeluju na\u0161e vojnikinje i vojnici i to na dva bira\u010dka mjesta u Afganistanu (Camp Marmal u Mazer-e-Sharifu i Camp Gibson u Kabulu) te na jednom bira\u010dkom mjestu u Poljskoj (Vojarna Bemowo Piskie).<\/p>\n<p>Glasovanje je omogu\u0107eno i u domovina socijalne skrbi (za starije, nemo\u0107ne&#8230;) i to na ukupno 23 bira\u010dka mjesta, a svoje gra\u0111ansko pravo glasa mogu iskoristiti i osobe li\u0161ene slobode na 21 bira\u010dkom mjestu.<\/p>\n<div class='code-block code-block-5' style='margin: 8px auto; text-align: center; display: block; clear: both;'>\n<!-- Viborc - 300x250 Dynamic (62e91d4ae384d04b3c48e0f5) - 300x250, 300x600, 160x600 - Place in <BODY> of page where ad should appear --> \n<div class=\"vm-placement\" data-id=\"62e91d4ae384d04b3c48e0f5\"><\/div> \n<!-- \/ Viborc - 300x250 Dynamic (62e91d4ae384d04b3c48e0f5) --> <\/div>\n\n<p>Izbore \u0107e promatrati 24 333 promatra\u010da \u0161to je ponovno rekordan broj promatra\u010da &#8211; u prvom krugu izbore je promatralo 24 270. Glavnina njih \u0107e biti u Hrvatskoj (24 112), a manji broj u inozemstvu (215). Rad samog Dr\u017eavnog izbornog povjerenstva \u0107e promatrati 24 promatra\u010da.<\/p>\n<p>Treba imati na umu, sukladno DIP-ovom poja\u0161njenju, kako su pojedini promatra\u010di prijavljeni istovremeno i za promatranje rada izbornih povjerenstava i bira\u010dkih odbora u RH i\/ili inozemstvu i\/ili rada DIP-a. Dodatno, iako DIP nije objavio a\u017euriran broj promatra\u010da, njihov broj \u0107e mo\u017eda u kona\u010dnici biti ne\u0161to ni\u017ei s obzirom na to kako je DIP ukinuo udruzi &#8220;U ime obitelji&#8221; pravo promatranja izbora radi izostanka njihove neovisnosti. Vi\u0161e o tome <a href=\"https:\/\/www.izbori.hr\/site\/UserDocsImages\/2019\/Izbori_za_predsjednika_RH_2019\/Promatraci\/Rje%C5%A1enje_kojim_se_uskra%C4%87uje_pravo_Udruga_u_ime_obitelji.pdf\">pro\u010ditajte na stranicama DIP-a<\/a>.<\/p>\n<p>&nbsp;<\/p>\n","protected":false},"excerpt":{"rendered":"<p>Do 16:30 je glasovalo 43.52% bira\u010da. Od toga najvi\u0161e u Karlova\u010dkoj \u017eupaniji &#8211; 48.93%, a najmanje u Vukovarsko-srijemskoj \u017eupaniji &#8211; njih 36.92%. Na pro\u0161lim izborima (2014.) je u 2. krugu do 16:30 glasovalo 48.23% upisanih bira\u010da. <\/p>\n","protected":false},"author":1,"featured_media":986,"comment_status":"closed","ping_status":"closed","sticky":false,"template":"","format":"standard","meta":{"footnotes":""},"categories":[158],"tags":[159,30,161,160],"class_list":["post-620","post","type-post","status-publish","format-standard","has-post-thumbnail","hentry","category-izbori-politika","tag-hrvatska-hr","tag-izbori","tag-kolinda-grabar-kitarovic-hr","tag-zoran-milanovic-hr"],"acf":[],"yoast_head":"<!-- This site is optimized with the Yoast SEO plugin v24.1 - https:\/\/yoast.com\/wordpress\/plugins\/seo\/ -->\n<title>Odaziv\/izlaznost bira\u010da na predsjedni\u010dkim izborima 2020. (11:30)<\/title>\n<meta name=\"description\" content=\"Koliki je odziv bira\u010da na 2. krugu predsjedni\u010dkim izborima u 11:30? U kojoj \u017eupaniji je glasovalo najvi\u0161e bira\u010da? Saznajte ovdje!\" \/>\n<meta name=\"robots\" content=\"index, follow, max-snippet:-1, max-image-preview:large, max-video-preview:-1\" \/>\n<link rel=\"canonical\" href=\"https:\/\/viborc.com\/hr\/odaziv-biraca-na-predsjednickim-izborima-2020\/\" \/>\n<meta property=\"og:locale\" content=\"hr_HR\" \/>\n<meta property=\"og:type\" content=\"article\" \/>\n<meta property=\"og:title\" content=\"Odaziv\/izlaznost bira\u010da na predsjedni\u010dkim izborima 2020. (11:30)\" \/>\n<meta property=\"og:description\" content=\"Koliki je odziv bira\u010da na 2. krugu predsjedni\u010dkim izborima u 11:30? U kojoj \u017eupaniji je glasovalo najvi\u0161e bira\u010da? Saznajte ovdje!\" \/>\n<meta property=\"og:url\" content=\"https:\/\/viborc.com\/hr\/odaziv-biraca-na-predsjednickim-izborima-2020\/\" \/>\n<meta property=\"og:site_name\" content=\"viborc.com\" \/>\n<meta property=\"article:publisher\" content=\"https:\/\/www.facebook.com\/viborccom\/\" \/>\n<meta property=\"article:published_time\" content=\"2020-01-05T11:02:44+00:00\" \/>\n<meta property=\"article:modified_time\" content=\"2022-10-16T10:37:05+00:00\" \/>\n<meta property=\"og:image\" content=\"https:\/\/viborc.com\/wp-content\/uploads\/2020\/01\/ured-predsjednika-republike-hrvatske-pantovc\u030cak.jpg\" \/>\n\t<meta property=\"og:image:width\" content=\"1000\" \/>\n\t<meta property=\"og:image:height\" content=\"563\" \/>\n\t<meta property=\"og:image:type\" content=\"image\/jpeg\" \/>\n<meta name=\"author\" content=\"Vibor Cipan\" \/>\n<meta name=\"twitter:card\" content=\"summary_large_image\" \/>\n<meta name=\"twitter:creator\" content=\"@viborccom\" \/>\n<meta name=\"twitter:site\" content=\"@viborccom\" \/>\n<meta name=\"twitter:label1\" content=\"Napisao\/la\" \/>\n\t<meta name=\"twitter:data1\" content=\"Vibor Cipan\" \/>\n\t<meta name=\"twitter:label2\" content=\"Procijenjeno vrijeme \u010ditanja\" \/>\n\t<meta name=\"twitter:data2\" content=\"4 minute\" \/>\n<script type=\"application\/ld+json\" class=\"yoast-schema-graph\">{\"@context\":\"https:\/\/schema.org\",\"@graph\":[{\"@type\":\"Article\",\"@id\":\"https:\/\/viborc.com\/hr\/odaziv-biraca-na-predsjednickim-izborima-2020\/#article\",\"isPartOf\":{\"@id\":\"https:\/\/viborc.com\/hr\/odaziv-biraca-na-predsjednickim-izborima-2020\/\"},\"author\":{\"name\":\"Vibor Cipan\",\"@id\":\"https:\/\/viborc.com\/hr\/#\/schema\/person\/a8eeda3ea1bbf3cbfb7e0aa86f66b49b\"},\"headline\":\"Odaziv bira\u010da na predsjedni\u010dkim izborima 2020. (16:30)\",\"datePublished\":\"2020-01-05T11:02:44+00:00\",\"dateModified\":\"2022-10-16T10:37:05+00:00\",\"mainEntityOfPage\":{\"@id\":\"https:\/\/viborc.com\/hr\/odaziv-biraca-na-predsjednickim-izborima-2020\/\"},\"wordCount\":748,\"publisher\":{\"@id\":\"https:\/\/viborc.com\/hr\/#organization\"},\"image\":{\"@id\":\"https:\/\/viborc.com\/hr\/odaziv-biraca-na-predsjednickim-izborima-2020\/#primaryimage\"},\"thumbnailUrl\":\"https:\/\/viborc.com\/wp-content\/uploads\/2020\/01\/ured-predsjednika-republike-hrvatske-pantovc\u030cak.jpg\",\"keywords\":[\"Hrvatska\",\"Izbori\",\"Kolinda Grabar-Kitarovi\u0107\",\"Zoran Milanovi\u0107\"],\"articleSection\":[\"Izbori i politika\"],\"inLanguage\":\"hr\"},{\"@type\":\"WebPage\",\"@id\":\"https:\/\/viborc.com\/hr\/odaziv-biraca-na-predsjednickim-izborima-2020\/\",\"url\":\"https:\/\/viborc.com\/hr\/odaziv-biraca-na-predsjednickim-izborima-2020\/\",\"name\":\"Odaziv\/izlaznost bira\u010da na predsjedni\u010dkim izborima 2020. (11:30)\",\"isPartOf\":{\"@id\":\"https:\/\/viborc.com\/hr\/#website\"},\"primaryImageOfPage\":{\"@id\":\"https:\/\/viborc.com\/hr\/odaziv-biraca-na-predsjednickim-izborima-2020\/#primaryimage\"},\"image\":{\"@id\":\"https:\/\/viborc.com\/hr\/odaziv-biraca-na-predsjednickim-izborima-2020\/#primaryimage\"},\"thumbnailUrl\":\"https:\/\/viborc.com\/wp-content\/uploads\/2020\/01\/ured-predsjednika-republike-hrvatske-pantovc\u030cak.jpg\",\"datePublished\":\"2020-01-05T11:02:44+00:00\",\"dateModified\":\"2022-10-16T10:37:05+00:00\",\"description\":\"Koliki je odziv bira\u010da na 2. krugu predsjedni\u010dkim izborima u 11:30? U kojoj \u017eupaniji je glasovalo najvi\u0161e bira\u010da? Saznajte ovdje!\",\"breadcrumb\":{\"@id\":\"https:\/\/viborc.com\/hr\/odaziv-biraca-na-predsjednickim-izborima-2020\/#breadcrumb\"},\"inLanguage\":\"hr\",\"potentialAction\":[{\"@type\":\"ReadAction\",\"target\":[\"https:\/\/viborc.com\/hr\/odaziv-biraca-na-predsjednickim-izborima-2020\/\"]}]},{\"@type\":\"ImageObject\",\"inLanguage\":\"hr\",\"@id\":\"https:\/\/viborc.com\/hr\/odaziv-biraca-na-predsjednickim-izborima-2020\/#primaryimage\",\"url\":\"https:\/\/viborc.com\/wp-content\/uploads\/2020\/01\/ured-predsjednika-republike-hrvatske-pantovc\u030cak.jpg\",\"contentUrl\":\"https:\/\/viborc.com\/wp-content\/uploads\/2020\/01\/ured-predsjednika-republike-hrvatske-pantovc\u030cak.jpg\",\"width\":1000,\"height\":563,\"caption\":\"Ured predsjednika\/predsjednice Republike Hrvatske - Pantov\u010dak\"},{\"@type\":\"BreadcrumbList\",\"@id\":\"https:\/\/viborc.com\/hr\/odaziv-biraca-na-predsjednickim-izborima-2020\/#breadcrumb\",\"itemListElement\":[{\"@type\":\"ListItem\",\"position\":1,\"name\":\"Po\u010detna\",\"item\":\"https:\/\/viborc.com\/hr\/\"},{\"@type\":\"ListItem\",\"position\":2,\"name\":\"Odaziv bira\u010da na predsjedni\u010dkim izborima 2020. (16:30)\"}]},{\"@type\":\"WebSite\",\"@id\":\"https:\/\/viborc.com\/hr\/#website\",\"url\":\"https:\/\/viborc.com\/hr\/\",\"name\":\"viborc.com\",\"description\":\"Telling data-driven stories about politics, climate, economics, and more.\",\"publisher\":{\"@id\":\"https:\/\/viborc.com\/hr\/#organization\"},\"potentialAction\":[{\"@type\":\"SearchAction\",\"target\":{\"@type\":\"EntryPoint\",\"urlTemplate\":\"https:\/\/viborc.com\/hr\/?s={search_term_string}\"},\"query-input\":{\"@type\":\"PropertyValueSpecification\",\"valueRequired\":true,\"valueName\":\"search_term_string\"}}],\"inLanguage\":\"hr\"},{\"@type\":\"Organization\",\"@id\":\"https:\/\/viborc.com\/hr\/#organization\",\"name\":\"viborc.com\",\"url\":\"https:\/\/viborc.com\/hr\/\",\"logo\":{\"@type\":\"ImageObject\",\"inLanguage\":\"hr\",\"@id\":\"https:\/\/viborc.com\/hr\/#\/schema\/logo\/image\/\",\"url\":\"https:\/\/viborc.com\/wp-content\/uploads\/2020\/09\/viborccom-new-logo.png\",\"contentUrl\":\"https:\/\/viborc.com\/wp-content\/uploads\/2020\/09\/viborccom-new-logo.png\",\"width\":816,\"height\":816,\"caption\":\"viborc.com\"},\"image\":{\"@id\":\"https:\/\/viborc.com\/hr\/#\/schema\/logo\/image\/\"},\"sameAs\":[\"https:\/\/www.facebook.com\/viborccom\/\",\"https:\/\/x.com\/viborccom\"]},{\"@type\":\"Person\",\"@id\":\"https:\/\/viborc.com\/hr\/#\/schema\/person\/a8eeda3ea1bbf3cbfb7e0aa86f66b49b\",\"name\":\"Vibor Cipan\",\"image\":{\"@type\":\"ImageObject\",\"inLanguage\":\"hr\",\"@id\":\"https:\/\/viborc.com\/hr\/#\/schema\/person\/image\/\",\"url\":\"https:\/\/secure.gravatar.com\/avatar\/a3ca7470bc48e736f24e9b48077f3c3d418415239d8871dd568ba26fa37a03d4?s=96&d=mm&r=g\",\"contentUrl\":\"https:\/\/secure.gravatar.com\/avatar\/a3ca7470bc48e736f24e9b48077f3c3d418415239d8871dd568ba26fa37a03d4?s=96&d=mm&r=g\",\"caption\":\"Vibor Cipan\"},\"description\":\"With over 15 years of professional work in technology, Vibor Cipan is a recognized leader in this field. His contributions at Microsoft, where he earned the prestigious MVP title, set the stage for his roles as CEO and Co-Founder of UX Passion, and later on, Point Jupiter, a data-informed agency. There, he led teams that shaped services for over 400 million users globally. His work spans UX design and software development, driving significant advancements in both fields. Currently immersed in the generative AI sector, Cipan is taking part in projects revolutionizing software development and user engagement. His expertise extends into data viz, analytics and Open Source Intelligence (OSINT), where he actively develops proofs of concept and explores AI's role in shaping societal dynamics and national security. An accomplished author and speaker, Vibor continues to share his insights at international venues, advocating for innovation and a richer understanding of technology's impact on society.\",\"sameAs\":[\"https:\/\/www.linkedin.com\/in\/vibor\/\"]}]}<\/script>\n<!-- \/ Yoast SEO plugin. -->","yoast_head_json":{"title":"Odaziv\/izlaznost bira\u010da na predsjedni\u010dkim izborima 2020. (11:30)","description":"Koliki je odziv bira\u010da na 2. krugu predsjedni\u010dkim izborima u 11:30? U kojoj \u017eupaniji je glasovalo najvi\u0161e bira\u010da? Saznajte ovdje!","robots":{"index":"index","follow":"follow","max-snippet":"max-snippet:-1","max-image-preview":"max-image-preview:large","max-video-preview":"max-video-preview:-1"},"canonical":"https:\/\/viborc.com\/hr\/odaziv-biraca-na-predsjednickim-izborima-2020\/","og_locale":"hr_HR","og_type":"article","og_title":"Odaziv\/izlaznost bira\u010da na predsjedni\u010dkim izborima 2020. (11:30)","og_description":"Koliki je odziv bira\u010da na 2. krugu predsjedni\u010dkim izborima u 11:30? U kojoj \u017eupaniji je glasovalo najvi\u0161e bira\u010da? Saznajte ovdje!","og_url":"https:\/\/viborc.com\/hr\/odaziv-biraca-na-predsjednickim-izborima-2020\/","og_site_name":"viborc.com","article_publisher":"https:\/\/www.facebook.com\/viborccom\/","article_published_time":"2020-01-05T11:02:44+00:00","article_modified_time":"2022-10-16T10:37:05+00:00","og_image":[{"width":1000,"height":563,"url":"https:\/\/viborc.com\/wp-content\/uploads\/2020\/01\/ured-predsjednika-republike-hrvatske-pantovc\u030cak.jpg","type":"image\/jpeg"}],"author":"Vibor Cipan","twitter_card":"summary_large_image","twitter_creator":"@viborccom","twitter_site":"@viborccom","twitter_misc":{"Napisao\/la":"Vibor Cipan","Procijenjeno vrijeme \u010ditanja":"4 minute"},"schema":{"@context":"https:\/\/schema.org","@graph":[{"@type":"Article","@id":"https:\/\/viborc.com\/hr\/odaziv-biraca-na-predsjednickim-izborima-2020\/#article","isPartOf":{"@id":"https:\/\/viborc.com\/hr\/odaziv-biraca-na-predsjednickim-izborima-2020\/"},"author":{"name":"Vibor Cipan","@id":"https:\/\/viborc.com\/hr\/#\/schema\/person\/a8eeda3ea1bbf3cbfb7e0aa86f66b49b"},"headline":"Odaziv bira\u010da na predsjedni\u010dkim izborima 2020. (16:30)","datePublished":"2020-01-05T11:02:44+00:00","dateModified":"2022-10-16T10:37:05+00:00","mainEntityOfPage":{"@id":"https:\/\/viborc.com\/hr\/odaziv-biraca-na-predsjednickim-izborima-2020\/"},"wordCount":748,"publisher":{"@id":"https:\/\/viborc.com\/hr\/#organization"},"image":{"@id":"https:\/\/viborc.com\/hr\/odaziv-biraca-na-predsjednickim-izborima-2020\/#primaryimage"},"thumbnailUrl":"https:\/\/viborc.com\/wp-content\/uploads\/2020\/01\/ured-predsjednika-republike-hrvatske-pantovc\u030cak.jpg","keywords":["Hrvatska","Izbori","Kolinda Grabar-Kitarovi\u0107","Zoran Milanovi\u0107"],"articleSection":["Izbori i politika"],"inLanguage":"hr"},{"@type":"WebPage","@id":"https:\/\/viborc.com\/hr\/odaziv-biraca-na-predsjednickim-izborima-2020\/","url":"https:\/\/viborc.com\/hr\/odaziv-biraca-na-predsjednickim-izborima-2020\/","name":"Odaziv\/izlaznost bira\u010da na predsjedni\u010dkim izborima 2020. (11:30)","isPartOf":{"@id":"https:\/\/viborc.com\/hr\/#website"},"primaryImageOfPage":{"@id":"https:\/\/viborc.com\/hr\/odaziv-biraca-na-predsjednickim-izborima-2020\/#primaryimage"},"image":{"@id":"https:\/\/viborc.com\/hr\/odaziv-biraca-na-predsjednickim-izborima-2020\/#primaryimage"},"thumbnailUrl":"https:\/\/viborc.com\/wp-content\/uploads\/2020\/01\/ured-predsjednika-republike-hrvatske-pantovc\u030cak.jpg","datePublished":"2020-01-05T11:02:44+00:00","dateModified":"2022-10-16T10:37:05+00:00","description":"Koliki je odziv bira\u010da na 2. krugu predsjedni\u010dkim izborima u 11:30? U kojoj \u017eupaniji je glasovalo najvi\u0161e bira\u010da? Saznajte ovdje!","breadcrumb":{"@id":"https:\/\/viborc.com\/hr\/odaziv-biraca-na-predsjednickim-izborima-2020\/#breadcrumb"},"inLanguage":"hr","potentialAction":[{"@type":"ReadAction","target":["https:\/\/viborc.com\/hr\/odaziv-biraca-na-predsjednickim-izborima-2020\/"]}]},{"@type":"ImageObject","inLanguage":"hr","@id":"https:\/\/viborc.com\/hr\/odaziv-biraca-na-predsjednickim-izborima-2020\/#primaryimage","url":"https:\/\/viborc.com\/wp-content\/uploads\/2020\/01\/ured-predsjednika-republike-hrvatske-pantovc\u030cak.jpg","contentUrl":"https:\/\/viborc.com\/wp-content\/uploads\/2020\/01\/ured-predsjednika-republike-hrvatske-pantovc\u030cak.jpg","width":1000,"height":563,"caption":"Ured predsjednika\/predsjednice Republike Hrvatske - Pantov\u010dak"},{"@type":"BreadcrumbList","@id":"https:\/\/viborc.com\/hr\/odaziv-biraca-na-predsjednickim-izborima-2020\/#breadcrumb","itemListElement":[{"@type":"ListItem","position":1,"name":"Po\u010detna","item":"https:\/\/viborc.com\/hr\/"},{"@type":"ListItem","position":2,"name":"Odaziv bira\u010da na predsjedni\u010dkim izborima 2020. (16:30)"}]},{"@type":"WebSite","@id":"https:\/\/viborc.com\/hr\/#website","url":"https:\/\/viborc.com\/hr\/","name":"viborc.com","description":"Telling data-driven stories about politics, climate, economics, and more.","publisher":{"@id":"https:\/\/viborc.com\/hr\/#organization"},"potentialAction":[{"@type":"SearchAction","target":{"@type":"EntryPoint","urlTemplate":"https:\/\/viborc.com\/hr\/?s={search_term_string}"},"query-input":{"@type":"PropertyValueSpecification","valueRequired":true,"valueName":"search_term_string"}}],"inLanguage":"hr"},{"@type":"Organization","@id":"https:\/\/viborc.com\/hr\/#organization","name":"viborc.com","url":"https:\/\/viborc.com\/hr\/","logo":{"@type":"ImageObject","inLanguage":"hr","@id":"https:\/\/viborc.com\/hr\/#\/schema\/logo\/image\/","url":"https:\/\/viborc.com\/wp-content\/uploads\/2020\/09\/viborccom-new-logo.png","contentUrl":"https:\/\/viborc.com\/wp-content\/uploads\/2020\/09\/viborccom-new-logo.png","width":816,"height":816,"caption":"viborc.com"},"image":{"@id":"https:\/\/viborc.com\/hr\/#\/schema\/logo\/image\/"},"sameAs":["https:\/\/www.facebook.com\/viborccom\/","https:\/\/x.com\/viborccom"]},{"@type":"Person","@id":"https:\/\/viborc.com\/hr\/#\/schema\/person\/a8eeda3ea1bbf3cbfb7e0aa86f66b49b","name":"Vibor Cipan","image":{"@type":"ImageObject","inLanguage":"hr","@id":"https:\/\/viborc.com\/hr\/#\/schema\/person\/image\/","url":"https:\/\/secure.gravatar.com\/avatar\/a3ca7470bc48e736f24e9b48077f3c3d418415239d8871dd568ba26fa37a03d4?s=96&d=mm&r=g","contentUrl":"https:\/\/secure.gravatar.com\/avatar\/a3ca7470bc48e736f24e9b48077f3c3d418415239d8871dd568ba26fa37a03d4?s=96&d=mm&r=g","caption":"Vibor Cipan"},"description":"With over 15 years of professional work in technology, Vibor Cipan is a recognized leader in this field. His contributions at Microsoft, where he earned the prestigious MVP title, set the stage for his roles as CEO and Co-Founder of UX Passion, and later on, Point Jupiter, a data-informed agency. There, he led teams that shaped services for over 400 million users globally. His work spans UX design and software development, driving significant advancements in both fields. Currently immersed in the generative AI sector, Cipan is taking part in projects revolutionizing software development and user engagement. His expertise extends into data viz, analytics and Open Source Intelligence (OSINT), where he actively develops proofs of concept and explores AI's role in shaping societal dynamics and national security. An accomplished author and speaker, Vibor continues to share his insights at international venues, advocating for innovation and a richer understanding of technology's impact on society.","sameAs":["https:\/\/www.linkedin.com\/in\/vibor\/"]}]}},"_links":{"self":[{"href":"https:\/\/viborc.com\/hr\/wp-json\/wp\/v2\/posts\/620","targetHints":{"allow":["GET"]}}],"collection":[{"href":"https:\/\/viborc.com\/hr\/wp-json\/wp\/v2\/posts"}],"about":[{"href":"https:\/\/viborc.com\/hr\/wp-json\/wp\/v2\/types\/post"}],"author":[{"embeddable":true,"href":"https:\/\/viborc.com\/hr\/wp-json\/wp\/v2\/users\/1"}],"replies":[{"embeddable":true,"href":"https:\/\/viborc.com\/hr\/wp-json\/wp\/v2\/comments?post=620"}],"version-history":[{"count":0,"href":"https:\/\/viborc.com\/hr\/wp-json\/wp\/v2\/posts\/620\/revisions"}],"wp:featuredmedia":[{"embeddable":true,"href":"https:\/\/viborc.com\/hr\/wp-json\/wp\/v2\/media\/986"}],"wp:attachment":[{"href":"https:\/\/viborc.com\/hr\/wp-json\/wp\/v2\/media?parent=620"}],"wp:term":[{"taxonomy":"category","embeddable":true,"href":"https:\/\/viborc.com\/hr\/wp-json\/wp\/v2\/categories?post=620"},{"taxonomy":"post_tag","embeddable":true,"href":"https:\/\/viborc.com\/hr\/wp-json\/wp\/v2\/tags?post=620"}],"curies":[{"name":"wp","href":"https:\/\/api.w.org\/{rel}","templated":true}]}}