{"id":460,"date":"2019-11-12T20:01:41","date_gmt":"2019-11-12T19:01:41","guid":{"rendered":"https:\/\/viborc.com\/?p=460"},"modified":"2022-10-16T12:38:11","modified_gmt":"2022-10-16T10:38:11","slug":"podrska-radu-predsjednice-grabar-kitarovic-od-pocetka-mandata-do-danas","status":"publish","type":"post","link":"https:\/\/viborc.com\/hr\/podrska-radu-predsjednice-grabar-kitarovic-od-pocetka-mandata-do-danas\/","title":{"rendered":"Podr\u0161ka radu predsjednice Grabar-Kitarovi\u0107 od po\u010detka mandata do danas"},"content":{"rendered":"<p><strong>A\u017eurirano: 7.12.2019.<\/strong><\/p>\n<p>Ju\u010dera\u0161njom je objavom svojeg programa za idu\u0107e predsjedni\u010dke izbore, trenutna predsjednica Grabar-Kitarovi\u0107, u\u0161la u idu\u0107u fazu svoje (pred)kampanje. Nakon objave kandidature ranije, 2. listopada, 2019., uslijedilo je razdoblje do 11. studenoga, 2019. kada je aktualna predsjednica objavila svoj program.<\/p>\n<p>Datum 11.11. i vrijeme u 11:00 sati, nisu slu\u010dajni. Naime, istoga je datuma i u isto vrijeme, predsjednica objavila svoj program na po\u010detku utrke za svoj prvi mandat \u2013 2014. godine.<\/p>\n<div class='code-block code-block-5' style='margin: 8px auto; text-align: center; display: block; clear: both;'>\n<!-- Viborc - 300x250 Dynamic (62e91d4ae384d04b3c48e0f5) - 300x250, 300x600, 160x600 - Place in <BODY> of page where ad should appear --> \n<div class=\"vm-placement\" data-id=\"62e91d4ae384d04b3c48e0f5\"><\/div> \n<!-- \/ Viborc - 300x250 Dynamic (62e91d4ae384d04b3c48e0f5) --> <\/div>\n\n<p>Premda predsjednica Grabar-Kitarovi\u0107 i dalje vodi u predizbornim anketama ispred svojih glavnih protukandidata (Milanovi\u0107, \u0160koro), potpora radu predsjednice je tijekom njezinog mandata oscilirala Prema posljednjim je ispitivanjima javnog mnijenja (listopad, 2019.) ona opala ispod 50%. Iako su u razvijenijim demokracijama, poput ameri\u010dke, pra\u0107enje stope odobravanja rada predsjednika dr\u017eave vrlo u\u010destale, u Hrvatskoj je situacija ne\u0161to druga\u010dija tako da &#8220;<strong>approval ratings for Kolinda Grabar-Kitarovi\u0107<\/strong>&#8221; bilje\u017eimo jednom mjese\u010dno.<\/p>\n<h2>Interaktivni prikaz kretanja podr\u0161ke<\/h2>\n<p>U nastavku se nalazi interaktivni prikaz u kojem je prikazana razina podr\u0161ke radu predsjednice kao i razina koja pokazuje koliki udio gra\u0111ana ne odobrava njezin rad. Podaci su, mahom, prikupljeni iz Crobarometra \u2013 s obzirom na to kako se jedinstven popis i prikaz svih ovih podataka ne nalazi nigdje na webu, potrajalo je ne\u0161to vremena pro\u0107i kroz objave na portalima i prikupiti ih. Broj ispitanika se uglavnom kre\u0107e izme\u0111u 960 i 980, dok je standardna pogrje\u0161ka +\/- 3.3%.<\/p>\n<div class=\"flourish-embed\" data-src=\"https:\/\/viborc.com\/dataviz\/grabar-kitarovic-podrska\/index.html\"><\/div>\n<p><script src=\"https:\/\/viborc.com\/dataviz\/grabar-kitarovic-podrska\/flourish.embed.js\"><\/script><\/p>\n<p>Klikom na <a href=\"https:\/\/viborc.com\/dataviz\/grabar-kitarovic-podrska\/index.html?auto=1\" target=\"_blank\" rel=\"noopener noreferrer\">ovu poveznicu mo\u017eete pogledati i interaktivni prikaz u ve\u0107em formatu<\/a>.<\/p>\n<p>&nbsp;<\/p>\n<h2>Analiza<\/h2>\n<h3>Studeni 2019<\/h3>\n<p>Najnoviji rezultati ispitivanja javnog mnijenja ukazuju na to kako podr\u0161ku radu predsjednice sada iskazuje 37% ispitanika &#8211; \u0161to je izjedna\u010denje s njezinim najlo\u0161ijim rezultatom iz kolovoza 2019. S druge strane, predsjedni\u010din rad ne odobrava 55% ispitanika \u0161to je njezin dosada\u0161nji rekord. Svega 9% ispitanika nema ocjenu njezinog rada.<\/p>\n<p>U prosincu nas o\u010dekuje prvi krug predsjedni\u010dkih izbora. Bit \u0107e izuzetno zanimljivo promatrati rezultate u tom mjesecu, a osobito ho\u0107e li i kakav \u0107e u\u010dinak imati predsjedni\u010dina izjava kako bi USKOK-ovom optu\u017eeniku, gradona\u010delniku Zagreba. Milanu Bandi\u0107u nosila kola\u010de slu\u010daju da isti bude u pritvoru\/zatvoru.<\/p>\n<div class='code-block code-block-5' style='margin: 8px auto; text-align: center; display: block; clear: both;'>\n<!-- Viborc - 300x250 Dynamic (62e91d4ae384d04b3c48e0f5) - 300x250, 300x600, 160x600 - Place in <BODY> of page where ad should appear --> \n<div class=\"vm-placement\" data-id=\"62e91d4ae384d04b3c48e0f5\"><\/div> \n<!-- \/ Viborc - 300x250 Dynamic (62e91d4ae384d04b3c48e0f5) --> <\/div>\n\n<h3>Raniji rezultati<\/h3>\n<p>Predsjednica trenutno u\u017eiva ispodpolovi\u010dnu podr\u0161ku svojemu radu \u2013 njezin rad odobrava 40% ispitanika, dok njih 52% predsjedni\u010dinim radom nije zadovoljno. To je razina nezadovoljstva koja se kod predsjednice ustabilila od srpnja 2019. godine kada je po prvi put u svojem dosada\u0161njem mandatu predsjednica do\u017eivjela natpolovi\u010dno neodobravanje njezinog rada. Najni\u017eu dosada\u0161nju stopu podr\u0161ke, Grabar-Kitarovi\u0107 je zabilje\u017eila u kolovozu 2019. kada je njezin rad odobravalo 37% ispitanika.<\/p>\n<p>Zna\u010dajniji pad podr\u0161ke radu predsjednice se mo\u017ee pratiti od listopada 2018. godine. Prvo je predsjednica razrije\u0161ila du\u017enosti svojeg dotada\u0161njeg savjetnika Radelji\u0107a (21.12.2018.) pa je potom javno istaknula kako \u201eZDS\u201c nije povijesni pozdrav i istaknula kako je bila krivo savjetovana (16.2.2019.).<\/p>\n<p>O\u010dekivano, zahvaljuju\u0107i svojem aktivnom anga\u017emanu, za vrijeme trajanja Svjetskog nogometnog prvenstva u Rusiji (od 14. lipnja pa do 15. srpnja 2018.), predsjedni\u010din rad odobravalo je sve vi\u0161e ljudi. Tako je, primjerice netom prije prvenstva, u lipnju 2018. njezin rad odobravalo 46% ispitanika. Samo malo kasnije, tijekom samog prvenstva \u2013 podr\u0161ka predsjedni\u010dinom radu je narasla na visokih 57%. Samo je jo\u0161 jednom nakon toga predsjednica dosegnula vi\u0161u razinu podr\u0161ke \u2013 u listopadu 2018. i tada je iznosila 58%. Od te to\u010dke na ovamo, podr\u0161ka radu predsjednice je uglavnom opadala dose\u017eu\u0107i svoj minimum u ve\u0107 spomenutom kolovozu 2019.<\/p>\n<p>Zanimljivo je uo\u010diti kako je odobravanje predsjedni\u010dinog rada opalo odmah po posjeti Aleksandra Vu\u010di\u0107a (u velja\u010di 2018.) \u2013 potez kojeg su s jednakim \u017earom kritizirali i desna i lijeva oporba.<\/p>\n<p>S druge strane, kada je predsjednica sudjelovala na skupu inicijative \u201eTri mora\u201c u Var\u0161avi (25. kolovoza, 2016.) te pri tome do\u0161la u pozornost i svojim kontaktima i razgovorima s Donaldom Trumpom, to se odrazilo pozitivno na njezine ocjene i razinu podr\u0161ke. Posebno je drasti\u010dan bio pad onih koji ne podr\u017eavaju rad predsjednice. Taj je postotak pao s njih 46% na svega 33% u rujnu, odnosno na svega 31% u listopadu 2016. godine. Do neke mjere sli\u010dna situacija se dogodila i nakon \u0161to je predsjednica sudjelovala na NATO samitu nakon kojega je predsjedni\u010din rad odobravalo 50% u lipnju, odnosno 53% gra\u0111ana u srpnju 2016. godine. U javnom je prikazu taj samit dijelom ostao i zapam\u0107en po vrlo agilnom probijanju predsjednice u prve redove dr\u017eavnika pa je tako bila uz rame s predsjednikom Trumpom.<\/p>\n<p>Op\u0107enito se \u010dini kako predsjedni\u010dini vanjskopoliti\u010dki potezi privla\u010de pozornost i nerijetko rast podr\u0161ke njezinom radu. Tako je predsjednica sudjelovala na samitu Vi\u0161egradske skupine (V4) po\u010detkom listopada 2015. kada je njezin rad podr\u017eavalo 52%, a ta je potpora nakon toga dosegnula svoj vrhunac od 64% po\u010detkom 2016. godine \u2013 u osvit formiranja nove vlade pod vodstvom premijera Ore\u0161kovi\u0107a. Zgodna konjunkcija koja je predsjedni\u010dinu ocjenu digla do razine koju kasnije nije nadma\u0161ila.<\/p>\n<p>Iako je jedan od prvih poteza novoizabrane predsjednice bilo micanje biste Josipa Broza Tita s Pantov\u010daka (19. o\u017eujka, 2015.), \u010dini se kako joj taj potez nije donio zna\u010dajniji rast podr\u0161ke. Dapa\u010de, u mjesecu nakon micanja biste, udio onih koji ne odobravaju predsjedni\u010din rad je sko\u010dio s 30% u travnju, na 38% u svibnju 2015. godine.<\/p>\n<div class='code-block code-block-5' style='margin: 8px auto; text-align: center; display: block; clear: both;'>\n<!-- Viborc - 300x250 Dynamic (62e91d4ae384d04b3c48e0f5) - 300x250, 300x600, 160x600 - Place in <BODY> of page where ad should appear --> \n<div class=\"vm-placement\" data-id=\"62e91d4ae384d04b3c48e0f5\"><\/div> \n<!-- \/ Viborc - 300x250 Dynamic (62e91d4ae384d04b3c48e0f5) --> <\/div>\n\n<h2>\u0160to nam nose predsjedni\u010dki izbori 2019.\/2020.?<\/h2>\n<p>U utrku za predsjednika Republike aktualna predsjednica ulazi s predno\u0161\u0107u u (gotovo) svim (dosada\u0161njim) anketama i ispitivanjima javnog mnijenja. Me\u0111utim, predsjednica tu nije sama. Zoran Milanovi\u0107, Miroslav \u0160koro i Mislav Kolaku\u0161i\u0107 tako\u0111er hvataju svoju priliku i borbu za izvjestan drugi krug predsjedni\u010dkih izbora \u2013 vjerojatno u sije\u010dnju 2020. godine.<\/p>\n<p>Nastavit \u0107u s pra\u0107enjem tih anketa kao i s pra\u0107enjem razine odobravanja rada predsjednice.<\/p>\n","protected":false},"excerpt":{"rendered":"<p>Na jednom mjestu pratimo kretanje podr\u0161ke radu predsjednice Grabar-Kitarovi\u0107 od njezine inauguracije pa sve do danas. Popra\u0107eno interaktivnim prikazom.<\/p>\n","protected":false},"author":1,"featured_media":864,"comment_status":"closed","ping_status":"closed","sticky":false,"template":"","format":"standard","meta":{"footnotes":""},"categories":[158],"tags":[159,30,161,32],"class_list":["post-460","post","type-post","status-publish","format-standard","has-post-thumbnail","hentry","category-izbori-politika","tag-hrvatska-hr","tag-izbori","tag-kolinda-grabar-kitarovic-hr","tag-politika"],"acf":[],"yoast_head":"<!-- This site is optimized with the Yoast SEO plugin v24.1 - https:\/\/yoast.com\/wordpress\/plugins\/seo\/ -->\n<title>Podr\u0161ka radu predsjednice Grabar-Kitarovi\u0107: Od po\u010detka mandata do danas<\/title>\n<meta name=\"description\" content=\"Na jednom mjestu donosimo pregled kretanja podr\u0161ke radu predsjednice Kolinde Grabar Kitarovi\u0107 - od o\u017eujka 2015. pa sve do listopada 2019.\" \/>\n<meta name=\"robots\" content=\"index, follow, max-snippet:-1, max-image-preview:large, max-video-preview:-1\" \/>\n<link rel=\"canonical\" href=\"https:\/\/viborc.com\/hr\/podrska-radu-predsjednice-grabar-kitarovic-od-pocetka-mandata-do-danas\/\" \/>\n<meta property=\"og:locale\" content=\"hr_HR\" \/>\n<meta property=\"og:type\" content=\"article\" \/>\n<meta property=\"og:title\" content=\"Podr\u0161ka radu predsjednice Grabar-Kitarovi\u0107: Od po\u010detka mandata do danas\" \/>\n<meta property=\"og:description\" content=\"Na jednom mjestu donosimo pregled kretanja podr\u0161ke radu predsjednice Kolinde Grabar Kitarovi\u0107 - od o\u017eujka 2015. pa sve do listopada 2019.\" \/>\n<meta property=\"og:url\" content=\"https:\/\/viborc.com\/hr\/podrska-radu-predsjednice-grabar-kitarovic-od-pocetka-mandata-do-danas\/\" \/>\n<meta property=\"og:site_name\" content=\"viborc.com\" \/>\n<meta property=\"article:publisher\" content=\"https:\/\/www.facebook.com\/viborccom\/\" \/>\n<meta property=\"article:published_time\" content=\"2019-11-12T19:01:41+00:00\" \/>\n<meta property=\"article:modified_time\" content=\"2022-10-16T10:38:11+00:00\" \/>\n<meta property=\"og:image\" content=\"https:\/\/viborc.com\/wp-content\/uploads\/2019\/11\/predsjednica-kolinda-grabar-kitarovicI_.jpg\" \/>\n\t<meta property=\"og:image:width\" content=\"1000\" \/>\n\t<meta property=\"og:image:height\" content=\"563\" \/>\n\t<meta property=\"og:image:type\" content=\"image\/jpeg\" \/>\n<meta name=\"author\" content=\"Vibor Cipan\" \/>\n<meta name=\"twitter:card\" content=\"summary_large_image\" \/>\n<meta name=\"twitter:creator\" content=\"@viborccom\" \/>\n<meta name=\"twitter:site\" content=\"@viborccom\" \/>\n<meta name=\"twitter:label1\" content=\"Napisao\/la\" \/>\n\t<meta name=\"twitter:data1\" content=\"Vibor Cipan\" \/>\n\t<meta name=\"twitter:label2\" content=\"Procijenjeno vrijeme \u010ditanja\" \/>\n\t<meta name=\"twitter:data2\" content=\"4 minute\" \/>\n<script type=\"application\/ld+json\" class=\"yoast-schema-graph\">{\"@context\":\"https:\/\/schema.org\",\"@graph\":[{\"@type\":\"Article\",\"@id\":\"https:\/\/viborc.com\/hr\/podrska-radu-predsjednice-grabar-kitarovic-od-pocetka-mandata-do-danas\/#article\",\"isPartOf\":{\"@id\":\"https:\/\/viborc.com\/hr\/podrska-radu-predsjednice-grabar-kitarovic-od-pocetka-mandata-do-danas\/\"},\"author\":{\"name\":\"Vibor Cipan\",\"@id\":\"https:\/\/viborc.com\/hr\/#\/schema\/person\/a8eeda3ea1bbf3cbfb7e0aa86f66b49b\"},\"headline\":\"Podr\u0161ka radu predsjednice Grabar-Kitarovi\u0107 od po\u010detka mandata do danas\",\"datePublished\":\"2019-11-12T19:01:41+00:00\",\"dateModified\":\"2022-10-16T10:38:11+00:00\",\"mainEntityOfPage\":{\"@id\":\"https:\/\/viborc.com\/hr\/podrska-radu-predsjednice-grabar-kitarovic-od-pocetka-mandata-do-danas\/\"},\"wordCount\":960,\"publisher\":{\"@id\":\"https:\/\/viborc.com\/hr\/#organization\"},\"image\":{\"@id\":\"https:\/\/viborc.com\/hr\/podrska-radu-predsjednice-grabar-kitarovic-od-pocetka-mandata-do-danas\/#primaryimage\"},\"thumbnailUrl\":\"https:\/\/viborc.com\/wp-content\/uploads\/2019\/11\/predsjednica-kolinda-grabar-kitarovicI_.jpg\",\"keywords\":[\"Hrvatska\",\"Izbori\",\"Kolinda Grabar-Kitarovi\u0107\",\"Politika\"],\"articleSection\":[\"Izbori i politika\"],\"inLanguage\":\"hr\"},{\"@type\":\"WebPage\",\"@id\":\"https:\/\/viborc.com\/hr\/podrska-radu-predsjednice-grabar-kitarovic-od-pocetka-mandata-do-danas\/\",\"url\":\"https:\/\/viborc.com\/hr\/podrska-radu-predsjednice-grabar-kitarovic-od-pocetka-mandata-do-danas\/\",\"name\":\"Podr\u0161ka radu predsjednice Grabar-Kitarovi\u0107: Od po\u010detka mandata do danas\",\"isPartOf\":{\"@id\":\"https:\/\/viborc.com\/hr\/#website\"},\"primaryImageOfPage\":{\"@id\":\"https:\/\/viborc.com\/hr\/podrska-radu-predsjednice-grabar-kitarovic-od-pocetka-mandata-do-danas\/#primaryimage\"},\"image\":{\"@id\":\"https:\/\/viborc.com\/hr\/podrska-radu-predsjednice-grabar-kitarovic-od-pocetka-mandata-do-danas\/#primaryimage\"},\"thumbnailUrl\":\"https:\/\/viborc.com\/wp-content\/uploads\/2019\/11\/predsjednica-kolinda-grabar-kitarovicI_.jpg\",\"datePublished\":\"2019-11-12T19:01:41+00:00\",\"dateModified\":\"2022-10-16T10:38:11+00:00\",\"description\":\"Na jednom mjestu donosimo pregled kretanja podr\u0161ke radu predsjednice Kolinde Grabar Kitarovi\u0107 - od o\u017eujka 2015. pa sve do listopada 2019.\",\"breadcrumb\":{\"@id\":\"https:\/\/viborc.com\/hr\/podrska-radu-predsjednice-grabar-kitarovic-od-pocetka-mandata-do-danas\/#breadcrumb\"},\"inLanguage\":\"hr\",\"potentialAction\":[{\"@type\":\"ReadAction\",\"target\":[\"https:\/\/viborc.com\/hr\/podrska-radu-predsjednice-grabar-kitarovic-od-pocetka-mandata-do-danas\/\"]}]},{\"@type\":\"ImageObject\",\"inLanguage\":\"hr\",\"@id\":\"https:\/\/viborc.com\/hr\/podrska-radu-predsjednice-grabar-kitarovic-od-pocetka-mandata-do-danas\/#primaryimage\",\"url\":\"https:\/\/viborc.com\/wp-content\/uploads\/2019\/11\/predsjednica-kolinda-grabar-kitarovicI_.jpg\",\"contentUrl\":\"https:\/\/viborc.com\/wp-content\/uploads\/2019\/11\/predsjednica-kolinda-grabar-kitarovicI_.jpg\",\"width\":1000,\"height\":563,\"caption\":\"Predsjednica Hrvatske: Kolinda Grabar-Kitarovi\u0107. Slu\u017ebena fotografija ljubazno\u0161\u0107u Ureda predsjednice.\"},{\"@type\":\"BreadcrumbList\",\"@id\":\"https:\/\/viborc.com\/hr\/podrska-radu-predsjednice-grabar-kitarovic-od-pocetka-mandata-do-danas\/#breadcrumb\",\"itemListElement\":[{\"@type\":\"ListItem\",\"position\":1,\"name\":\"Po\u010detna\",\"item\":\"https:\/\/viborc.com\/hr\/\"},{\"@type\":\"ListItem\",\"position\":2,\"name\":\"Podr\u0161ka radu predsjednice Grabar-Kitarovi\u0107 od po\u010detka mandata do danas\"}]},{\"@type\":\"WebSite\",\"@id\":\"https:\/\/viborc.com\/hr\/#website\",\"url\":\"https:\/\/viborc.com\/hr\/\",\"name\":\"viborc.com\",\"description\":\"Telling data-driven stories about politics, climate, economics, and more.\",\"publisher\":{\"@id\":\"https:\/\/viborc.com\/hr\/#organization\"},\"potentialAction\":[{\"@type\":\"SearchAction\",\"target\":{\"@type\":\"EntryPoint\",\"urlTemplate\":\"https:\/\/viborc.com\/hr\/?s={search_term_string}\"},\"query-input\":{\"@type\":\"PropertyValueSpecification\",\"valueRequired\":true,\"valueName\":\"search_term_string\"}}],\"inLanguage\":\"hr\"},{\"@type\":\"Organization\",\"@id\":\"https:\/\/viborc.com\/hr\/#organization\",\"name\":\"viborc.com\",\"url\":\"https:\/\/viborc.com\/hr\/\",\"logo\":{\"@type\":\"ImageObject\",\"inLanguage\":\"hr\",\"@id\":\"https:\/\/viborc.com\/hr\/#\/schema\/logo\/image\/\",\"url\":\"https:\/\/viborc.com\/wp-content\/uploads\/2020\/09\/viborccom-new-logo.png\",\"contentUrl\":\"https:\/\/viborc.com\/wp-content\/uploads\/2020\/09\/viborccom-new-logo.png\",\"width\":816,\"height\":816,\"caption\":\"viborc.com\"},\"image\":{\"@id\":\"https:\/\/viborc.com\/hr\/#\/schema\/logo\/image\/\"},\"sameAs\":[\"https:\/\/www.facebook.com\/viborccom\/\",\"https:\/\/x.com\/viborccom\"]},{\"@type\":\"Person\",\"@id\":\"https:\/\/viborc.com\/hr\/#\/schema\/person\/a8eeda3ea1bbf3cbfb7e0aa86f66b49b\",\"name\":\"Vibor Cipan\",\"image\":{\"@type\":\"ImageObject\",\"inLanguage\":\"hr\",\"@id\":\"https:\/\/viborc.com\/hr\/#\/schema\/person\/image\/\",\"url\":\"https:\/\/secure.gravatar.com\/avatar\/a3ca7470bc48e736f24e9b48077f3c3d418415239d8871dd568ba26fa37a03d4?s=96&d=mm&r=g\",\"contentUrl\":\"https:\/\/secure.gravatar.com\/avatar\/a3ca7470bc48e736f24e9b48077f3c3d418415239d8871dd568ba26fa37a03d4?s=96&d=mm&r=g\",\"caption\":\"Vibor Cipan\"},\"description\":\"With over 15 years of professional work in technology, Vibor Cipan is a recognized leader in this field. His contributions at Microsoft, where he earned the prestigious MVP title, set the stage for his roles as CEO and Co-Founder of UX Passion, and later on, Point Jupiter, a data-informed agency. There, he led teams that shaped services for over 400 million users globally. His work spans UX design and software development, driving significant advancements in both fields. Currently immersed in the generative AI sector, Cipan is taking part in projects revolutionizing software development and user engagement. His expertise extends into data viz, analytics and Open Source Intelligence (OSINT), where he actively develops proofs of concept and explores AI's role in shaping societal dynamics and national security. An accomplished author and speaker, Vibor continues to share his insights at international venues, advocating for innovation and a richer understanding of technology's impact on society.\",\"sameAs\":[\"https:\/\/www.linkedin.com\/in\/vibor\/\"]}]}<\/script>\n<!-- \/ Yoast SEO plugin. -->","yoast_head_json":{"title":"Podr\u0161ka radu predsjednice Grabar-Kitarovi\u0107: Od po\u010detka mandata do danas","description":"Na jednom mjestu donosimo pregled kretanja podr\u0161ke radu predsjednice Kolinde Grabar Kitarovi\u0107 - od o\u017eujka 2015. pa sve do listopada 2019.","robots":{"index":"index","follow":"follow","max-snippet":"max-snippet:-1","max-image-preview":"max-image-preview:large","max-video-preview":"max-video-preview:-1"},"canonical":"https:\/\/viborc.com\/hr\/podrska-radu-predsjednice-grabar-kitarovic-od-pocetka-mandata-do-danas\/","og_locale":"hr_HR","og_type":"article","og_title":"Podr\u0161ka radu predsjednice Grabar-Kitarovi\u0107: Od po\u010detka mandata do danas","og_description":"Na jednom mjestu donosimo pregled kretanja podr\u0161ke radu predsjednice Kolinde Grabar Kitarovi\u0107 - od o\u017eujka 2015. pa sve do listopada 2019.","og_url":"https:\/\/viborc.com\/hr\/podrska-radu-predsjednice-grabar-kitarovic-od-pocetka-mandata-do-danas\/","og_site_name":"viborc.com","article_publisher":"https:\/\/www.facebook.com\/viborccom\/","article_published_time":"2019-11-12T19:01:41+00:00","article_modified_time":"2022-10-16T10:38:11+00:00","og_image":[{"width":1000,"height":563,"url":"https:\/\/viborc.com\/wp-content\/uploads\/2019\/11\/predsjednica-kolinda-grabar-kitarovicI_.jpg","type":"image\/jpeg"}],"author":"Vibor Cipan","twitter_card":"summary_large_image","twitter_creator":"@viborccom","twitter_site":"@viborccom","twitter_misc":{"Napisao\/la":"Vibor Cipan","Procijenjeno vrijeme \u010ditanja":"4 minute"},"schema":{"@context":"https:\/\/schema.org","@graph":[{"@type":"Article","@id":"https:\/\/viborc.com\/hr\/podrska-radu-predsjednice-grabar-kitarovic-od-pocetka-mandata-do-danas\/#article","isPartOf":{"@id":"https:\/\/viborc.com\/hr\/podrska-radu-predsjednice-grabar-kitarovic-od-pocetka-mandata-do-danas\/"},"author":{"name":"Vibor Cipan","@id":"https:\/\/viborc.com\/hr\/#\/schema\/person\/a8eeda3ea1bbf3cbfb7e0aa86f66b49b"},"headline":"Podr\u0161ka radu predsjednice Grabar-Kitarovi\u0107 od po\u010detka mandata do danas","datePublished":"2019-11-12T19:01:41+00:00","dateModified":"2022-10-16T10:38:11+00:00","mainEntityOfPage":{"@id":"https:\/\/viborc.com\/hr\/podrska-radu-predsjednice-grabar-kitarovic-od-pocetka-mandata-do-danas\/"},"wordCount":960,"publisher":{"@id":"https:\/\/viborc.com\/hr\/#organization"},"image":{"@id":"https:\/\/viborc.com\/hr\/podrska-radu-predsjednice-grabar-kitarovic-od-pocetka-mandata-do-danas\/#primaryimage"},"thumbnailUrl":"https:\/\/viborc.com\/wp-content\/uploads\/2019\/11\/predsjednica-kolinda-grabar-kitarovicI_.jpg","keywords":["Hrvatska","Izbori","Kolinda Grabar-Kitarovi\u0107","Politika"],"articleSection":["Izbori i politika"],"inLanguage":"hr"},{"@type":"WebPage","@id":"https:\/\/viborc.com\/hr\/podrska-radu-predsjednice-grabar-kitarovic-od-pocetka-mandata-do-danas\/","url":"https:\/\/viborc.com\/hr\/podrska-radu-predsjednice-grabar-kitarovic-od-pocetka-mandata-do-danas\/","name":"Podr\u0161ka radu predsjednice Grabar-Kitarovi\u0107: Od po\u010detka mandata do danas","isPartOf":{"@id":"https:\/\/viborc.com\/hr\/#website"},"primaryImageOfPage":{"@id":"https:\/\/viborc.com\/hr\/podrska-radu-predsjednice-grabar-kitarovic-od-pocetka-mandata-do-danas\/#primaryimage"},"image":{"@id":"https:\/\/viborc.com\/hr\/podrska-radu-predsjednice-grabar-kitarovic-od-pocetka-mandata-do-danas\/#primaryimage"},"thumbnailUrl":"https:\/\/viborc.com\/wp-content\/uploads\/2019\/11\/predsjednica-kolinda-grabar-kitarovicI_.jpg","datePublished":"2019-11-12T19:01:41+00:00","dateModified":"2022-10-16T10:38:11+00:00","description":"Na jednom mjestu donosimo pregled kretanja podr\u0161ke radu predsjednice Kolinde Grabar Kitarovi\u0107 - od o\u017eujka 2015. pa sve do listopada 2019.","breadcrumb":{"@id":"https:\/\/viborc.com\/hr\/podrska-radu-predsjednice-grabar-kitarovic-od-pocetka-mandata-do-danas\/#breadcrumb"},"inLanguage":"hr","potentialAction":[{"@type":"ReadAction","target":["https:\/\/viborc.com\/hr\/podrska-radu-predsjednice-grabar-kitarovic-od-pocetka-mandata-do-danas\/"]}]},{"@type":"ImageObject","inLanguage":"hr","@id":"https:\/\/viborc.com\/hr\/podrska-radu-predsjednice-grabar-kitarovic-od-pocetka-mandata-do-danas\/#primaryimage","url":"https:\/\/viborc.com\/wp-content\/uploads\/2019\/11\/predsjednica-kolinda-grabar-kitarovicI_.jpg","contentUrl":"https:\/\/viborc.com\/wp-content\/uploads\/2019\/11\/predsjednica-kolinda-grabar-kitarovicI_.jpg","width":1000,"height":563,"caption":"Predsjednica Hrvatske: Kolinda Grabar-Kitarovi\u0107. Slu\u017ebena fotografija ljubazno\u0161\u0107u Ureda predsjednice."},{"@type":"BreadcrumbList","@id":"https:\/\/viborc.com\/hr\/podrska-radu-predsjednice-grabar-kitarovic-od-pocetka-mandata-do-danas\/#breadcrumb","itemListElement":[{"@type":"ListItem","position":1,"name":"Po\u010detna","item":"https:\/\/viborc.com\/hr\/"},{"@type":"ListItem","position":2,"name":"Podr\u0161ka radu predsjednice Grabar-Kitarovi\u0107 od po\u010detka mandata do danas"}]},{"@type":"WebSite","@id":"https:\/\/viborc.com\/hr\/#website","url":"https:\/\/viborc.com\/hr\/","name":"viborc.com","description":"Telling data-driven stories about politics, climate, economics, and more.","publisher":{"@id":"https:\/\/viborc.com\/hr\/#organization"},"potentialAction":[{"@type":"SearchAction","target":{"@type":"EntryPoint","urlTemplate":"https:\/\/viborc.com\/hr\/?s={search_term_string}"},"query-input":{"@type":"PropertyValueSpecification","valueRequired":true,"valueName":"search_term_string"}}],"inLanguage":"hr"},{"@type":"Organization","@id":"https:\/\/viborc.com\/hr\/#organization","name":"viborc.com","url":"https:\/\/viborc.com\/hr\/","logo":{"@type":"ImageObject","inLanguage":"hr","@id":"https:\/\/viborc.com\/hr\/#\/schema\/logo\/image\/","url":"https:\/\/viborc.com\/wp-content\/uploads\/2020\/09\/viborccom-new-logo.png","contentUrl":"https:\/\/viborc.com\/wp-content\/uploads\/2020\/09\/viborccom-new-logo.png","width":816,"height":816,"caption":"viborc.com"},"image":{"@id":"https:\/\/viborc.com\/hr\/#\/schema\/logo\/image\/"},"sameAs":["https:\/\/www.facebook.com\/viborccom\/","https:\/\/x.com\/viborccom"]},{"@type":"Person","@id":"https:\/\/viborc.com\/hr\/#\/schema\/person\/a8eeda3ea1bbf3cbfb7e0aa86f66b49b","name":"Vibor Cipan","image":{"@type":"ImageObject","inLanguage":"hr","@id":"https:\/\/viborc.com\/hr\/#\/schema\/person\/image\/","url":"https:\/\/secure.gravatar.com\/avatar\/a3ca7470bc48e736f24e9b48077f3c3d418415239d8871dd568ba26fa37a03d4?s=96&d=mm&r=g","contentUrl":"https:\/\/secure.gravatar.com\/avatar\/a3ca7470bc48e736f24e9b48077f3c3d418415239d8871dd568ba26fa37a03d4?s=96&d=mm&r=g","caption":"Vibor Cipan"},"description":"With over 15 years of professional work in technology, Vibor Cipan is a recognized leader in this field. His contributions at Microsoft, where he earned the prestigious MVP title, set the stage for his roles as CEO and Co-Founder of UX Passion, and later on, Point Jupiter, a data-informed agency. There, he led teams that shaped services for over 400 million users globally. His work spans UX design and software development, driving significant advancements in both fields. Currently immersed in the generative AI sector, Cipan is taking part in projects revolutionizing software development and user engagement. His expertise extends into data viz, analytics and Open Source Intelligence (OSINT), where he actively develops proofs of concept and explores AI's role in shaping societal dynamics and national security. An accomplished author and speaker, Vibor continues to share his insights at international venues, advocating for innovation and a richer understanding of technology's impact on society.","sameAs":["https:\/\/www.linkedin.com\/in\/vibor\/"]}]}},"_links":{"self":[{"href":"https:\/\/viborc.com\/hr\/wp-json\/wp\/v2\/posts\/460","targetHints":{"allow":["GET"]}}],"collection":[{"href":"https:\/\/viborc.com\/hr\/wp-json\/wp\/v2\/posts"}],"about":[{"href":"https:\/\/viborc.com\/hr\/wp-json\/wp\/v2\/types\/post"}],"author":[{"embeddable":true,"href":"https:\/\/viborc.com\/hr\/wp-json\/wp\/v2\/users\/1"}],"replies":[{"embeddable":true,"href":"https:\/\/viborc.com\/hr\/wp-json\/wp\/v2\/comments?post=460"}],"version-history":[{"count":0,"href":"https:\/\/viborc.com\/hr\/wp-json\/wp\/v2\/posts\/460\/revisions"}],"wp:featuredmedia":[{"embeddable":true,"href":"https:\/\/viborc.com\/hr\/wp-json\/wp\/v2\/media\/864"}],"wp:attachment":[{"href":"https:\/\/viborc.com\/hr\/wp-json\/wp\/v2\/media?parent=460"}],"wp:term":[{"taxonomy":"category","embeddable":true,"href":"https:\/\/viborc.com\/hr\/wp-json\/wp\/v2\/categories?post=460"},{"taxonomy":"post_tag","embeddable":true,"href":"https:\/\/viborc.com\/hr\/wp-json\/wp\/v2\/tags?post=460"}],"curies":[{"name":"wp","href":"https:\/\/api.w.org\/{rel}","templated":true}]}}