{"id":1291,"date":"2020-11-10T19:09:51","date_gmt":"2020-11-10T18:09:51","guid":{"rendered":"https:\/\/viborc.com\/?p=1291"},"modified":"2022-10-16T12:27:40","modified_gmt":"2022-10-16T10:27:40","slug":"theta-oluja-rekord-29-uragani-atlantik","status":"publish","type":"post","link":"https:\/\/viborc.com\/hr\/theta-oluja-rekord-29-uragani-atlantik\/","title":{"rendered":"Theta je 29. imenovana oluja na Atlantiku i to je broj\u010dani rekord"},"content":{"rendered":"<p>Ovo je ujedno i rekord jer je po prvi put preba\u010den broj od 28. imenovanih oluja. On je postavljan rekordne i tu\u017ene 2005. godine kada su uragani Katrina, Rita i Willma i niz drugih odnijeli gotovo 4 tisu\u0107e \u017eivota i uzrokovali preko 170 milijardi dolara (2005.) \u0161tete.<\/p>\n<h2>Prognozirana aktivna sezona uragana<\/h2>\n<p>Ovogodi\u0161nja sezona uragana na Atlantiku je izuzetno aktivna i to je u skladu s prognozama NOAA-e koji su u kolovozu govorili kako je mogu\u0107e da \u0107e nas do\u010dekati i 25 imenovanih oluja. Prije toga, tijekom svibnja, NOOA je predvi\u0111ala kako \u0107emo imati 19 imenovanih oluja. \u010cini se kako je Atlantik ove godine odlu\u010dio razbijati sve rekorde.<\/p>\n<div class='code-block code-block-5' style='margin: 8px auto; text-align: center; display: block; clear: both;'>\n<!-- Viborc - 300x250 Dynamic (62e91d4ae384d04b3c48e0f5) - 300x250, 300x600, 160x600 - Place in <BODY> of page where ad should appear --> \n<div class=\"vm-placement\" data-id=\"62e91d4ae384d04b3c48e0f5\"><\/div> \n<!-- \/ Viborc - 300x250 Dynamic (62e91d4ae384d04b3c48e0f5) --> <\/div>\n\n<p>Suptropska oluja Theta se nalazila oko 1,400km jugozapadno od Azorskog oto\u010dja, a brzina vjetrova se pribli\u017eavala uraganskoj. O\u010dekuje se kako \u0107e se Theta micati prema istoku, u smjeru Portugala i \u0160panjolske, me\u0111utim, ne o\u010dekuje se kako \u0107e imati razorne posljedice te da \u0107e se raspasti prije dolaska nad kopno \u2013 bilo afri\u010dko, bilo ono europsko.<\/p>\n<figure id=\"attachment_1292\" aria-describedby=\"caption-attachment-1292\" style=\"width: 600px\" class=\"wp-caption alignnone\"><img decoding=\"async\" class=\"size-image_in_post wp-image-1292\" src=\"https:\/\/viborc.com\/wp-content\/uploads\/2020\/11\/uragan-theta-kretanje-29-oluja-rekord-600x492.png\" alt=\"O\u010dekivano kretanje oluje Theta. Izvor: NOOA.\" width=\"600\" height=\"492\" \/><figcaption id=\"caption-attachment-1292\" class=\"wp-caption-text\">O\u010dekivano kretanje oluje Theta. Izvor: NOOA.<\/figcaption><\/figure>\n<p>Iako \u017eivimo u vremenu pove\u0107anje zabrinutosti i osjetljivosti o utjecaju \u010dovjeka na klimatske promjene i utjecaju samih promjena, znanstvenici isti\u010du kako samo pove\u0107avanje broja imenovanih oluja nije samo po sebi niti rezultat niti pokazatelj klimatskih promjena. Me\u0111utim, ono na \u0161to klimatske promjene utje\u010du je pove\u0107anje razorne mo\u0107i i snage uragana, a uz podizanje razine mora, poplave uzrokovane uraganima postaju jo\u0161 opasnije i s te\u017eim posljedicama.<\/p>\n<p>U ovoj konkretnoj sezoni uragana, znanstvenici poja\u010danu aktivnost pripisuju toplijoj povr\u0161ini oceana, izra\u017eenu monsunsku sezonu u Africi i oslabljeno smicanje vjetra (wind shear) \u0161to zna\u010di kako je atmosfera manje promjenjiva na razli\u010ditim visinama pa nema niti golemih poreme\u0107aja u procesu nastanka oluja i uragana.<\/p>\n<div class='code-block code-block-5' style='margin: 8px auto; text-align: center; display: block; clear: both;'>\n<!-- Viborc - 300x250 Dynamic (62e91d4ae384d04b3c48e0f5) - 300x250, 300x600, 160x600 - Place in <BODY> of page where ad should appear --> \n<div class=\"vm-placement\" data-id=\"62e91d4ae384d04b3c48e0f5\"><\/div> \n<!-- \/ Viborc - 300x250 Dynamic (62e91d4ae384d04b3c48e0f5) --> <\/div>\n\n<p>Iako ove godina obara rekorde po broju uragana, po intenzitetima ipak 2005. i dalje dr\u017ei neslavni rekord. Tada smo imali \u010dak 8 uragana 3. kategorije, a \u010dak 3 su dosegla 5. kategoriju<\/p>\n<h3>Louisiana na udaru<\/h3>\n<p>Na\u017ealost, ova je godina donijela i 5 imenovanih oluja koje su pogodile Louisianu. Uragan Laura je bio jedan od najja\u010dih uragana koji se obru\u0161io na ovu saveznu dr\u017eavu. Tek \u0161est tjedana kasnije, uragan Delta se obru\u0161io na gotovo ista mjesta i to kao uragan 2. kategorije.<\/p>\n<div class='code-block code-block-6' style='margin: 8px 0; clear: both;'>\n<!-- Viborc - Rich Media (62e91d88e384d04b3c48e0fd) - 1x1 - Place in <BODY> of page where ad should appear -->\n<div class=\"vm-placement\" data-id=\"62e91d88e384d04b3c48e0fd\" style=\"display:none\"><\/div>\n<!-- \/ Viborc - Rich Media (62e91d88e384d04b3c48e0fd) -->\n<div class=\"vm-placement\" id=\"vm-av\" data-format=\"isvideo\">\n<\/div><\/div>\n\n","protected":false},"excerpt":{"rendered":"<p>Suptropska oluja Theta (nakon \u0161to se potro\u0161e imena koja po\u010dinju sa slovima engleske abecede, ide se na slova gr\u010dkog alfabeta) je postala 29. olujom na Atlantiku koja je dovoljno oja\u010dala kako bi dobila svoje ime.<\/p>\n","protected":false},"author":1,"featured_media":1294,"comment_status":"open","ping_status":"closed","sticky":false,"template":"","format":"standard","meta":{"footnotes":""},"categories":[23],"tags":[168,27,196,197,194,195],"class_list":["post-1291","post","type-post","status-publish","format-standard","has-post-thumbnail","hentry","category-klima-vrijeme","tag-karte-hr","tag-klima","tag-louisiana","tag-noaa","tag-oluja","tag-uragan"],"acf":[],"yoast_head":"<!-- This site is optimized with the Yoast SEO plugin v24.1 - https:\/\/yoast.com\/wordpress\/plugins\/seo\/ -->\n<title>Theta je 29. imenovana oluja na Atlantiku i to je rekord &#8226; viborc.com<\/title>\n<meta name=\"description\" content=\"Suptropska oluja Theta je oborila rekord kao 29. imenovana oluja na Atlantiku. Ovogodi\u0161nja sezona uragana na Atlantiku je posebno aktivna.\" \/>\n<meta name=\"robots\" content=\"index, follow, max-snippet:-1, max-image-preview:large, max-video-preview:-1\" \/>\n<link rel=\"canonical\" href=\"https:\/\/viborc.com\/hr\/theta-oluja-rekord-29-uragani-atlantik\/\" \/>\n<meta property=\"og:locale\" content=\"hr_HR\" \/>\n<meta property=\"og:type\" content=\"article\" \/>\n<meta property=\"og:title\" content=\"Theta je 29. imenovana oluja na Atlantiku i to je rekord &#8226; viborc.com\" \/>\n<meta property=\"og:description\" content=\"Suptropska oluja Theta je oborila rekord kao 29. imenovana oluja na Atlantiku. Ovogodi\u0161nja sezona uragana na Atlantiku je posebno aktivna.\" \/>\n<meta property=\"og:url\" content=\"https:\/\/viborc.com\/hr\/theta-oluja-rekord-29-uragani-atlantik\/\" \/>\n<meta property=\"og:site_name\" content=\"viborc.com\" \/>\n<meta property=\"article:publisher\" content=\"https:\/\/www.facebook.com\/viborccom\/\" \/>\n<meta property=\"article:published_time\" content=\"2020-11-10T18:09:51+00:00\" \/>\n<meta property=\"article:modified_time\" content=\"2022-10-16T10:27:40+00:00\" \/>\n<meta property=\"og:image\" content=\"https:\/\/viborc.com\/wp-content\/uploads\/2020\/11\/uragan-theta-kretanje-29-oluja-rekord-satelit.jpg\" \/>\n\t<meta property=\"og:image:width\" content=\"800\" \/>\n\t<meta property=\"og:image:height\" content=\"600\" \/>\n\t<meta property=\"og:image:type\" content=\"image\/jpeg\" \/>\n<meta name=\"author\" content=\"Vibor Cipan\" \/>\n<meta name=\"twitter:card\" content=\"summary_large_image\" \/>\n<meta name=\"twitter:creator\" content=\"@viborccom\" \/>\n<meta name=\"twitter:site\" content=\"@viborccom\" \/>\n<meta name=\"twitter:label1\" content=\"Napisao\/la\" \/>\n\t<meta name=\"twitter:data1\" content=\"Vibor Cipan\" \/>\n\t<meta name=\"twitter:label2\" content=\"Procijenjeno vrijeme \u010ditanja\" \/>\n\t<meta name=\"twitter:data2\" content=\"2 minute\" \/>\n<script type=\"application\/ld+json\" class=\"yoast-schema-graph\">{\"@context\":\"https:\/\/schema.org\",\"@graph\":[{\"@type\":\"Article\",\"@id\":\"https:\/\/viborc.com\/hr\/theta-oluja-rekord-29-uragani-atlantik\/#article\",\"isPartOf\":{\"@id\":\"https:\/\/viborc.com\/hr\/theta-oluja-rekord-29-uragani-atlantik\/\"},\"author\":{\"name\":\"Vibor Cipan\",\"@id\":\"https:\/\/viborc.com\/hr\/#\/schema\/person\/a8eeda3ea1bbf3cbfb7e0aa86f66b49b\"},\"headline\":\"Theta je 29. imenovana oluja na Atlantiku i to je broj\u010dani rekord\",\"datePublished\":\"2020-11-10T18:09:51+00:00\",\"dateModified\":\"2022-10-16T10:27:40+00:00\",\"mainEntityOfPage\":{\"@id\":\"https:\/\/viborc.com\/hr\/theta-oluja-rekord-29-uragani-atlantik\/\"},\"wordCount\":403,\"commentCount\":0,\"publisher\":{\"@id\":\"https:\/\/viborc.com\/hr\/#organization\"},\"image\":{\"@id\":\"https:\/\/viborc.com\/hr\/theta-oluja-rekord-29-uragani-atlantik\/#primaryimage\"},\"thumbnailUrl\":\"https:\/\/viborc.com\/wp-content\/uploads\/2020\/11\/uragan-theta-kretanje-29-oluja-rekord-satelit.jpg\",\"keywords\":[\"Karte\",\"Klima\",\"Louisiana\",\"NOAA\",\"Oluja\",\"Uragan\"],\"articleSection\":[\"Klima i vrijeme\"],\"inLanguage\":\"hr\",\"potentialAction\":[{\"@type\":\"CommentAction\",\"name\":\"Comment\",\"target\":[\"https:\/\/viborc.com\/hr\/theta-oluja-rekord-29-uragani-atlantik\/#respond\"]}]},{\"@type\":\"WebPage\",\"@id\":\"https:\/\/viborc.com\/hr\/theta-oluja-rekord-29-uragani-atlantik\/\",\"url\":\"https:\/\/viborc.com\/hr\/theta-oluja-rekord-29-uragani-atlantik\/\",\"name\":\"Theta je 29. imenovana oluja na Atlantiku i to je rekord &#8226; viborc.com\",\"isPartOf\":{\"@id\":\"https:\/\/viborc.com\/hr\/#website\"},\"primaryImageOfPage\":{\"@id\":\"https:\/\/viborc.com\/hr\/theta-oluja-rekord-29-uragani-atlantik\/#primaryimage\"},\"image\":{\"@id\":\"https:\/\/viborc.com\/hr\/theta-oluja-rekord-29-uragani-atlantik\/#primaryimage\"},\"thumbnailUrl\":\"https:\/\/viborc.com\/wp-content\/uploads\/2020\/11\/uragan-theta-kretanje-29-oluja-rekord-satelit.jpg\",\"datePublished\":\"2020-11-10T18:09:51+00:00\",\"dateModified\":\"2022-10-16T10:27:40+00:00\",\"description\":\"Suptropska oluja Theta je oborila rekord kao 29. imenovana oluja na Atlantiku. Ovogodi\u0161nja sezona uragana na Atlantiku je posebno aktivna.\",\"breadcrumb\":{\"@id\":\"https:\/\/viborc.com\/hr\/theta-oluja-rekord-29-uragani-atlantik\/#breadcrumb\"},\"inLanguage\":\"hr\",\"potentialAction\":[{\"@type\":\"ReadAction\",\"target\":[\"https:\/\/viborc.com\/hr\/theta-oluja-rekord-29-uragani-atlantik\/\"]}]},{\"@type\":\"ImageObject\",\"inLanguage\":\"hr\",\"@id\":\"https:\/\/viborc.com\/hr\/theta-oluja-rekord-29-uragani-atlantik\/#primaryimage\",\"url\":\"https:\/\/viborc.com\/wp-content\/uploads\/2020\/11\/uragan-theta-kretanje-29-oluja-rekord-satelit.jpg\",\"contentUrl\":\"https:\/\/viborc.com\/wp-content\/uploads\/2020\/11\/uragan-theta-kretanje-29-oluja-rekord-satelit.jpg\",\"width\":800,\"height\":600,\"caption\":\"Oluja Theta u 18:30, 10.11.2020. kako je vidi satelit GOES-East, valna duljina je 10.35 \u00b5m, kanal 13., a prostorna razlu\u010divost piksela je 2km. Ljubazno\u0161\u0107u NASA\/NOOA.\"},{\"@type\":\"BreadcrumbList\",\"@id\":\"https:\/\/viborc.com\/hr\/theta-oluja-rekord-29-uragani-atlantik\/#breadcrumb\",\"itemListElement\":[{\"@type\":\"ListItem\",\"position\":1,\"name\":\"Po\u010detna\",\"item\":\"https:\/\/viborc.com\/hr\/\"},{\"@type\":\"ListItem\",\"position\":2,\"name\":\"Theta je 29. imenovana oluja na Atlantiku i to je broj\u010dani rekord\"}]},{\"@type\":\"WebSite\",\"@id\":\"https:\/\/viborc.com\/hr\/#website\",\"url\":\"https:\/\/viborc.com\/hr\/\",\"name\":\"viborc.com\",\"description\":\"Telling data-driven stories about politics, climate, economics, and more.\",\"publisher\":{\"@id\":\"https:\/\/viborc.com\/hr\/#organization\"},\"potentialAction\":[{\"@type\":\"SearchAction\",\"target\":{\"@type\":\"EntryPoint\",\"urlTemplate\":\"https:\/\/viborc.com\/hr\/?s={search_term_string}\"},\"query-input\":{\"@type\":\"PropertyValueSpecification\",\"valueRequired\":true,\"valueName\":\"search_term_string\"}}],\"inLanguage\":\"hr\"},{\"@type\":\"Organization\",\"@id\":\"https:\/\/viborc.com\/hr\/#organization\",\"name\":\"viborc.com\",\"url\":\"https:\/\/viborc.com\/hr\/\",\"logo\":{\"@type\":\"ImageObject\",\"inLanguage\":\"hr\",\"@id\":\"https:\/\/viborc.com\/hr\/#\/schema\/logo\/image\/\",\"url\":\"https:\/\/viborc.com\/wp-content\/uploads\/2020\/09\/viborccom-new-logo.png\",\"contentUrl\":\"https:\/\/viborc.com\/wp-content\/uploads\/2020\/09\/viborccom-new-logo.png\",\"width\":816,\"height\":816,\"caption\":\"viborc.com\"},\"image\":{\"@id\":\"https:\/\/viborc.com\/hr\/#\/schema\/logo\/image\/\"},\"sameAs\":[\"https:\/\/www.facebook.com\/viborccom\/\",\"https:\/\/x.com\/viborccom\"]},{\"@type\":\"Person\",\"@id\":\"https:\/\/viborc.com\/hr\/#\/schema\/person\/a8eeda3ea1bbf3cbfb7e0aa86f66b49b\",\"name\":\"Vibor Cipan\",\"image\":{\"@type\":\"ImageObject\",\"inLanguage\":\"hr\",\"@id\":\"https:\/\/viborc.com\/hr\/#\/schema\/person\/image\/\",\"url\":\"https:\/\/secure.gravatar.com\/avatar\/a3ca7470bc48e736f24e9b48077f3c3d418415239d8871dd568ba26fa37a03d4?s=96&d=mm&r=g\",\"contentUrl\":\"https:\/\/secure.gravatar.com\/avatar\/a3ca7470bc48e736f24e9b48077f3c3d418415239d8871dd568ba26fa37a03d4?s=96&d=mm&r=g\",\"caption\":\"Vibor Cipan\"},\"description\":\"With over 15 years of professional work in technology, Vibor Cipan is a recognized leader in this field. His contributions at Microsoft, where he earned the prestigious MVP title, set the stage for his roles as CEO and Co-Founder of UX Passion, and later on, Point Jupiter, a data-informed agency. There, he led teams that shaped services for over 400 million users globally. His work spans UX design and software development, driving significant advancements in both fields. Currently immersed in the generative AI sector, Cipan is taking part in projects revolutionizing software development and user engagement. His expertise extends into data viz, analytics and Open Source Intelligence (OSINT), where he actively develops proofs of concept and explores AI's role in shaping societal dynamics and national security. An accomplished author and speaker, Vibor continues to share his insights at international venues, advocating for innovation and a richer understanding of technology's impact on society.\",\"sameAs\":[\"https:\/\/www.linkedin.com\/in\/vibor\/\"]}]}<\/script>\n<!-- \/ Yoast SEO plugin. -->","yoast_head_json":{"title":"Theta je 29. imenovana oluja na Atlantiku i to je rekord &#8226; viborc.com","description":"Suptropska oluja Theta je oborila rekord kao 29. imenovana oluja na Atlantiku. Ovogodi\u0161nja sezona uragana na Atlantiku je posebno aktivna.","robots":{"index":"index","follow":"follow","max-snippet":"max-snippet:-1","max-image-preview":"max-image-preview:large","max-video-preview":"max-video-preview:-1"},"canonical":"https:\/\/viborc.com\/hr\/theta-oluja-rekord-29-uragani-atlantik\/","og_locale":"hr_HR","og_type":"article","og_title":"Theta je 29. imenovana oluja na Atlantiku i to je rekord &#8226; viborc.com","og_description":"Suptropska oluja Theta je oborila rekord kao 29. imenovana oluja na Atlantiku. Ovogodi\u0161nja sezona uragana na Atlantiku je posebno aktivna.","og_url":"https:\/\/viborc.com\/hr\/theta-oluja-rekord-29-uragani-atlantik\/","og_site_name":"viborc.com","article_publisher":"https:\/\/www.facebook.com\/viborccom\/","article_published_time":"2020-11-10T18:09:51+00:00","article_modified_time":"2022-10-16T10:27:40+00:00","og_image":[{"width":800,"height":600,"url":"https:\/\/viborc.com\/wp-content\/uploads\/2020\/11\/uragan-theta-kretanje-29-oluja-rekord-satelit.jpg","type":"image\/jpeg"}],"author":"Vibor Cipan","twitter_card":"summary_large_image","twitter_creator":"@viborccom","twitter_site":"@viborccom","twitter_misc":{"Napisao\/la":"Vibor Cipan","Procijenjeno vrijeme \u010ditanja":"2 minute"},"schema":{"@context":"https:\/\/schema.org","@graph":[{"@type":"Article","@id":"https:\/\/viborc.com\/hr\/theta-oluja-rekord-29-uragani-atlantik\/#article","isPartOf":{"@id":"https:\/\/viborc.com\/hr\/theta-oluja-rekord-29-uragani-atlantik\/"},"author":{"name":"Vibor Cipan","@id":"https:\/\/viborc.com\/hr\/#\/schema\/person\/a8eeda3ea1bbf3cbfb7e0aa86f66b49b"},"headline":"Theta je 29. imenovana oluja na Atlantiku i to je broj\u010dani rekord","datePublished":"2020-11-10T18:09:51+00:00","dateModified":"2022-10-16T10:27:40+00:00","mainEntityOfPage":{"@id":"https:\/\/viborc.com\/hr\/theta-oluja-rekord-29-uragani-atlantik\/"},"wordCount":403,"commentCount":0,"publisher":{"@id":"https:\/\/viborc.com\/hr\/#organization"},"image":{"@id":"https:\/\/viborc.com\/hr\/theta-oluja-rekord-29-uragani-atlantik\/#primaryimage"},"thumbnailUrl":"https:\/\/viborc.com\/wp-content\/uploads\/2020\/11\/uragan-theta-kretanje-29-oluja-rekord-satelit.jpg","keywords":["Karte","Klima","Louisiana","NOAA","Oluja","Uragan"],"articleSection":["Klima i vrijeme"],"inLanguage":"hr","potentialAction":[{"@type":"CommentAction","name":"Comment","target":["https:\/\/viborc.com\/hr\/theta-oluja-rekord-29-uragani-atlantik\/#respond"]}]},{"@type":"WebPage","@id":"https:\/\/viborc.com\/hr\/theta-oluja-rekord-29-uragani-atlantik\/","url":"https:\/\/viborc.com\/hr\/theta-oluja-rekord-29-uragani-atlantik\/","name":"Theta je 29. imenovana oluja na Atlantiku i to je rekord &#8226; viborc.com","isPartOf":{"@id":"https:\/\/viborc.com\/hr\/#website"},"primaryImageOfPage":{"@id":"https:\/\/viborc.com\/hr\/theta-oluja-rekord-29-uragani-atlantik\/#primaryimage"},"image":{"@id":"https:\/\/viborc.com\/hr\/theta-oluja-rekord-29-uragani-atlantik\/#primaryimage"},"thumbnailUrl":"https:\/\/viborc.com\/wp-content\/uploads\/2020\/11\/uragan-theta-kretanje-29-oluja-rekord-satelit.jpg","datePublished":"2020-11-10T18:09:51+00:00","dateModified":"2022-10-16T10:27:40+00:00","description":"Suptropska oluja Theta je oborila rekord kao 29. imenovana oluja na Atlantiku. Ovogodi\u0161nja sezona uragana na Atlantiku je posebno aktivna.","breadcrumb":{"@id":"https:\/\/viborc.com\/hr\/theta-oluja-rekord-29-uragani-atlantik\/#breadcrumb"},"inLanguage":"hr","potentialAction":[{"@type":"ReadAction","target":["https:\/\/viborc.com\/hr\/theta-oluja-rekord-29-uragani-atlantik\/"]}]},{"@type":"ImageObject","inLanguage":"hr","@id":"https:\/\/viborc.com\/hr\/theta-oluja-rekord-29-uragani-atlantik\/#primaryimage","url":"https:\/\/viborc.com\/wp-content\/uploads\/2020\/11\/uragan-theta-kretanje-29-oluja-rekord-satelit.jpg","contentUrl":"https:\/\/viborc.com\/wp-content\/uploads\/2020\/11\/uragan-theta-kretanje-29-oluja-rekord-satelit.jpg","width":800,"height":600,"caption":"Oluja Theta u 18:30, 10.11.2020. kako je vidi satelit GOES-East, valna duljina je 10.35 \u00b5m, kanal 13., a prostorna razlu\u010divost piksela je 2km. Ljubazno\u0161\u0107u NASA\/NOOA."},{"@type":"BreadcrumbList","@id":"https:\/\/viborc.com\/hr\/theta-oluja-rekord-29-uragani-atlantik\/#breadcrumb","itemListElement":[{"@type":"ListItem","position":1,"name":"Po\u010detna","item":"https:\/\/viborc.com\/hr\/"},{"@type":"ListItem","position":2,"name":"Theta je 29. imenovana oluja na Atlantiku i to je broj\u010dani rekord"}]},{"@type":"WebSite","@id":"https:\/\/viborc.com\/hr\/#website","url":"https:\/\/viborc.com\/hr\/","name":"viborc.com","description":"Telling data-driven stories about politics, climate, economics, and more.","publisher":{"@id":"https:\/\/viborc.com\/hr\/#organization"},"potentialAction":[{"@type":"SearchAction","target":{"@type":"EntryPoint","urlTemplate":"https:\/\/viborc.com\/hr\/?s={search_term_string}"},"query-input":{"@type":"PropertyValueSpecification","valueRequired":true,"valueName":"search_term_string"}}],"inLanguage":"hr"},{"@type":"Organization","@id":"https:\/\/viborc.com\/hr\/#organization","name":"viborc.com","url":"https:\/\/viborc.com\/hr\/","logo":{"@type":"ImageObject","inLanguage":"hr","@id":"https:\/\/viborc.com\/hr\/#\/schema\/logo\/image\/","url":"https:\/\/viborc.com\/wp-content\/uploads\/2020\/09\/viborccom-new-logo.png","contentUrl":"https:\/\/viborc.com\/wp-content\/uploads\/2020\/09\/viborccom-new-logo.png","width":816,"height":816,"caption":"viborc.com"},"image":{"@id":"https:\/\/viborc.com\/hr\/#\/schema\/logo\/image\/"},"sameAs":["https:\/\/www.facebook.com\/viborccom\/","https:\/\/x.com\/viborccom"]},{"@type":"Person","@id":"https:\/\/viborc.com\/hr\/#\/schema\/person\/a8eeda3ea1bbf3cbfb7e0aa86f66b49b","name":"Vibor Cipan","image":{"@type":"ImageObject","inLanguage":"hr","@id":"https:\/\/viborc.com\/hr\/#\/schema\/person\/image\/","url":"https:\/\/secure.gravatar.com\/avatar\/a3ca7470bc48e736f24e9b48077f3c3d418415239d8871dd568ba26fa37a03d4?s=96&d=mm&r=g","contentUrl":"https:\/\/secure.gravatar.com\/avatar\/a3ca7470bc48e736f24e9b48077f3c3d418415239d8871dd568ba26fa37a03d4?s=96&d=mm&r=g","caption":"Vibor Cipan"},"description":"With over 15 years of professional work in technology, Vibor Cipan is a recognized leader in this field. His contributions at Microsoft, where he earned the prestigious MVP title, set the stage for his roles as CEO and Co-Founder of UX Passion, and later on, Point Jupiter, a data-informed agency. There, he led teams that shaped services for over 400 million users globally. His work spans UX design and software development, driving significant advancements in both fields. Currently immersed in the generative AI sector, Cipan is taking part in projects revolutionizing software development and user engagement. His expertise extends into data viz, analytics and Open Source Intelligence (OSINT), where he actively develops proofs of concept and explores AI's role in shaping societal dynamics and national security. An accomplished author and speaker, Vibor continues to share his insights at international venues, advocating for innovation and a richer understanding of technology's impact on society.","sameAs":["https:\/\/www.linkedin.com\/in\/vibor\/"]}]}},"_links":{"self":[{"href":"https:\/\/viborc.com\/hr\/wp-json\/wp\/v2\/posts\/1291","targetHints":{"allow":["GET"]}}],"collection":[{"href":"https:\/\/viborc.com\/hr\/wp-json\/wp\/v2\/posts"}],"about":[{"href":"https:\/\/viborc.com\/hr\/wp-json\/wp\/v2\/types\/post"}],"author":[{"embeddable":true,"href":"https:\/\/viborc.com\/hr\/wp-json\/wp\/v2\/users\/1"}],"replies":[{"embeddable":true,"href":"https:\/\/viborc.com\/hr\/wp-json\/wp\/v2\/comments?post=1291"}],"version-history":[{"count":0,"href":"https:\/\/viborc.com\/hr\/wp-json\/wp\/v2\/posts\/1291\/revisions"}],"wp:featuredmedia":[{"embeddable":true,"href":"https:\/\/viborc.com\/hr\/wp-json\/wp\/v2\/media\/1294"}],"wp:attachment":[{"href":"https:\/\/viborc.com\/hr\/wp-json\/wp\/v2\/media?parent=1291"}],"wp:term":[{"taxonomy":"category","embeddable":true,"href":"https:\/\/viborc.com\/hr\/wp-json\/wp\/v2\/categories?post=1291"},{"taxonomy":"post_tag","embeddable":true,"href":"https:\/\/viborc.com\/hr\/wp-json\/wp\/v2\/tags?post=1291"}],"curies":[{"name":"wp","href":"https:\/\/api.w.org\/{rel}","templated":true}]}}